{"id":1664,"date":"2019-03-01T10:37:02","date_gmt":"2019-03-01T08:37:02","guid":{"rendered":"https:\/\/bauverein-ketteler.de\/_wp2014\/?p=1664"},"modified":"2019-05-23T16:06:09","modified_gmt":"2019-05-23T14:06:09","slug":"aktion-sauberes-muenster-wir-sind-dabei-sie-auch","status":"publish","type":"post","link":"https:\/\/bauverein-ketteler.de\/_wp2014\/aktion-sauberes-muenster-wir-sind-dabei-sie-auch\/","title":{"rendered":"Aktion sauberes M\u00fcnster, wir sind dabei &#8211; Sie auch?"},"content":{"rendered":"\n<p>In diesem Jahr sind wir erstmals bei der Aktion &#8220;Sauberes M\u00fcnster&#8221; dabei und wollen (vorerst) in zwei Vierteln gemeinsam aufr\u00e4umen. Wir w\u00fcrden uns freuen, wenn wir hier von Ihnen als unseren Genossen unterst\u00fctzt werden. <\/p>\n\n\n\n<blockquote class=\"wp-block-quote is-style-large is-layout-flow wp-block-quote-is-layout-flow\"><p>&#8220;Sie r\u00e4umen auf. Wir helfen mit&#8221; <\/p><cite>AWM <\/cite><\/blockquote>\n\n\n\n<!--more-->\n\n\n\n<p>Mit diesem Motto bewerben die Abfallwirtschaftsbetriebe in jedem Jahr f\u00fcr den gro\u00dfen Fr\u00fchjahrsputz in M\u00fcnsters Innenstadt und in den einzelnen Stadtteilen. <\/p>\n\n\n\n<p>Die jeweiligen Fl\u00e4chen, die gereinigt werden sollen, darf sich jeder selbst aussuchen, Spielpl\u00e4tze, Parks, Schulh\u00f6fe, Gr\u00fcnstreifen oder Baumscheiben sind lohnenswerte Objekte, wir unterst\u00fctzen diese Aktion in diesem Jahr im S\u00fcden von M\u00fcnster und im Hansaviertel. Im Jahr 2018 sammelten \u00fcbrigens \u00fcber 12.000 Freiwillige knapp 25 Tonnen M\u00fcll ein. <\/p>\n\n\n\n<h3 class=\"wp-block-heading\">Aus diesem Grund treffen wir uns: <\/h3>\n\n\n\n<div class=\"wp-block-columns has-2-columns is-layout-flex wp-container-core-columns-is-layout-9d6595d7 wp-block-columns-is-layout-flex\">\n<div class=\"wp-block-column is-layout-flow wp-block-column-is-layout-flow\">\n<p><strong>05.04.2019 &#8211; Hansaviertel<br><\/strong>Uhrzeit: 11.00 Uhr <br>Ort: Leerer Str. 11<br><\/p>\n<\/div>\n\n\n\n<div class=\"wp-block-column is-layout-flow wp-block-column-is-layout-flow\">\n<p><strong>10.04.2019 &#8211; M\u00fcnster S\u00fcd<\/strong><br>Uhrzeit: 11.00 Uhr <br>Ort: Kappenberger Damm 58 d<\/p>\n<\/div>\n<\/div>\n\n\n\n<h3 class=\"wp-block-heading\">Sie haben Interesse und m\u00f6chten unser Team unterst\u00fctzen? <\/h3>\n\n\n\n<p>Dann melden sie sich bitte bis zum <strong>06.03.2019<\/strong> telefonisch unter <\/p>\n\n\n\n<p style=\"background-color:#cdcdcd;text-align:center\" class=\"has-background\"><strong>02 51 \/ 48 210 29 <\/strong><\/p>\n\n\n\n<p>bei uns, damit wir bei der AWM entsprechende Arbeitsmittel (M\u00fcllzangen, Abfalls\u00e4cke und Handschuhe) bestellen k\u00f6nnen. <\/p>\n\n\n\n<p>Die AWM unterst\u00fctzen das Gro\u00dfreinemachen n\u00e4mlich, indem sie jedes Jahr tausende von M\u00fcllzangen, Abfalls\u00e4cken und Handschuhen zur Verf\u00fcgung stellen und die Logistik schultern. <\/p>\n\n\n\n<h3 class=\"wp-block-heading\">Sie m\u00f6chten selber in Ihrem Viertel aktiv werden? <\/h3>\n\n\n\n<p>Dann melden Sie sich doch noch bis zum 08.03.2019 direkt bei der AWM an. Dies k\u00f6nnen Sie hier im <a aria-label=\"Internet  (\u00f6ffnet in neuem Tab)\" href=\"https:\/\/awm.stadt-muenster.de\/gemeinwohl-verantwortung\/sauberes-muenster.html\" target=\"_blank\" rel=\"noreferrer noopener\">Internet <\/a>direkt erledigen, oder Sie rufen direkt bei der AWM an (02 51 \/ 60 52 55). <\/p>\n\n\n\n<p>Um sich bei den Teilnehmerinnen und Teilnehmern f\u00fcr Ihren Einsatz zu bedanken, verlosen die AWM verschiedene Geldgewinne: <\/p>\n\n\n\n<ul class=\"wp-block-list\"><li>unter allen Schulen: 250,00 \u20ac<\/li><li>unter allen Kitas: 150,00 \u20ac<\/li><li>unter allen Gruppen \u00fcber 20 Personen: 150,00 \u20ac<\/li><li>unter allen Gruppen unter 20 Personen: 100,00 \u20ac<\/li><li>unter allen Einzelpersonen oder Familien: 3 x 50,00 \u20ac<\/li><\/ul>\n\n\n\n<p>Wir hoffen auf reges Interesse von unseren Mieterinnen und Mietern, damit wir diese Aktion in den n\u00e4chsten Jahren weiterhin und vor allem in weiteren Vierteln durchf\u00fchren k\u00f6nnen. <\/p>\n","protected":false},"excerpt":{"rendered":"<p>In diesem Jahr sind wir erstmals bei der Aktion &#8220;Sauberes M\u00fcnster&#8221; dabei und wollen (vorerst) in zwei Vierteln &hellip; <\/p>\n<p><a href=\"https:\/\/bauverein-ketteler.de\/_wp2014\/aktion-sauberes-muenster-wir-sind-dabei-sie-auch\/\" class=\"more-link\"><span class=\"morelink-icon\">Weiterlesen<\/span><\/a><\/p>\n","protected":false},"author":1,"featured_media":1665,"comment_status":"closed","ping_status":"closed","sticky":false,"template":"","format":"standard","meta":{"footnotes":""},"categories":[1,2],"tags":[61,29,8],"class_list":["post-1664","post","type-post","status-publish","format-standard","has-post-thumbnail","hentry","category-blog","category-news","tag-aktion-sauberes-muenster","tag-awm","tag-news"],"_links":{"self":[{"href":"https:\/\/bauverein-ketteler.de\/_wp2014\/wp-json\/wp\/v2\/posts\/1664","targetHints":{"allow":["GET"]}}],"collection":[{"href":"https:\/\/bauverein-ketteler.de\/_wp2014\/wp-json\/wp\/v2\/posts"}],"about":[{"href":"https:\/\/bauverein-ketteler.de\/_wp2014\/wp-json\/wp\/v2\/types\/post"}],"author":[{"embeddable":true,"href":"https:\/\/bauverein-ketteler.de\/_wp2014\/wp-json\/wp\/v2\/users\/1"}],"replies":[{"embeddable":true,"href":"https:\/\/bauverein-ketteler.de\/_wp2014\/wp-json\/wp\/v2\/comments?post=1664"}],"version-history":[{"count":10,"href":"https:\/\/bauverein-ketteler.de\/_wp2014\/wp-json\/wp\/v2\/posts\/1664\/revisions"}],"predecessor-version":[{"id":1783,"href":"https:\/\/bauverein-ketteler.de\/_wp2014\/wp-json\/wp\/v2\/posts\/1664\/revisions\/1783"}],"wp:featuredmedia":[{"embeddable":true,"href":"https:\/\/bauverein-ketteler.de\/_wp2014\/wp-json\/wp\/v2\/media\/1665"}],"wp:attachment":[{"href":"https:\/\/bauverein-ketteler.de\/_wp2014\/wp-json\/wp\/v2\/media?parent=1664"}],"wp:term":[{"taxonomy":"category","embeddable":true,"href":"https:\/\/bauverein-ketteler.de\/_wp2014\/wp-json\/wp\/v2\/categories?post=1664"},{"taxonomy":"post_tag","embeddable":true,"href":"https:\/\/bauverein-ketteler.de\/_wp2014\/wp-json\/wp\/v2\/tags?post=1664"}],"curies":[{"name":"wp","href":"https:\/\/api.w.org\/{rel}","templated":true}]}}