{"id":1955,"date":"2019-11-22T10:07:47","date_gmt":"2019-11-22T08:07:47","guid":{"rendered":"https:\/\/bauverein-ketteler.de\/_wp2014\/?p=1955"},"modified":"2020-09-25T08:38:32","modified_gmt":"2020-09-25T06:38:32","slug":"die-wertstofftonne-kommt","status":"publish","type":"post","link":"https:\/\/bauverein-ketteler.de\/_wp2014\/die-wertstofftonne-kommt\/","title":{"rendered":"Die Wertstofftonne kommt"},"content":{"rendered":"\n<p>Derzeit werden die Wertstofftonnen im Innenstadtbereich durch die <a rel=\"noreferrer noopener\" aria-label=\"Abfallwirtschaftsbetriebe M\u00fcnster (\u00f6ffnet in neuem Tab)\" href=\"https:\/\/awm.stadt-muenster.de\/index.html\" target=\"_blank\">Abfallwirtschaftsbetriebe M\u00fcnster<\/a> und in den anderen Bezirken der Stadt M\u00fcnster durch die Firma Remondis verteilt (<a rel=\"noreferrer noopener\" aria-label=\"\u00dcbersichtskarte (\u00f6ffnet in neuem Tab)\" href=\"https:\/\/awm.stadt-muenster.de\/fileadmin\/user_upload\/awm\/content-images\/Wertstofftonne\/Uebersichtskartekl.jpg\" target=\"_blank\">\u00dcbersichtskarte<\/a>). <\/p>\n\n\n\n<p>Die Wertstofftonne wird zum 1. Januar 2020 den Gelben Sack im gesamten Stadtgebiet abl\u00f6sen. Neben Verpackungen, die bisher im Gelben Sack gesammelt wurden, k\u00f6nnen dann auch sogenannte stoffgleiche Nichtverpackungen \u00fcber eine Wertstofftonne entsorgt werden. <\/p>\n\n\n\n<!--more-->\n\n\n\n<p>\u00dcber die <a href=\"https:\/\/awm.stadt-muenster.de\/index\/aufstellung-der-wertstofftonnen-beginnt.html\" target=\"_blank\" rel=\"noreferrer noopener\" aria-label=\"Wertstofftonne (\u00f6ffnet in neuem Tab)\">Wertstofftonne<\/a> k\u00f6nnen z. B. Kunststoffe wie Gie\u00dfkannen, Klappkisten und Kinderspielzeug oder Metalle wie T\u00f6pfe und Pfannen oder Werkzeuge entsorgt werden, die f\u00fcr den Gelben Sack bisher tabu waren. <\/p>\n\n\n\n<h2 class=\"wp-block-heading\">Wichtig! <\/h2>\n\n\n\n<p class=\"has-white-color has-text-color has-background has-large-font-size\" style=\"background-color:#d34a40\">Bitte bef\u00fcllen Sie die Tonnen noch nicht. Eine Leerung der Wertstofftonne erfolgt erst ab Januar 2020. <\/p>\n\n\n\n<figure class=\"wp-block-image size-large\"><img loading=\"lazy\" decoding=\"async\" width=\"1024\" height=\"768\" src=\"https:\/\/bauverein-ketteler.de\/_wp2014\/wp-content\/uploads\/2019\/11\/wertstofftonne_post_1.jpg\" alt=\"Die Wertstofftonne kommt! \" class=\"wp-image-1959\" srcset=\"https:\/\/bauverein-ketteler.de\/_wp2014\/wp-content\/uploads\/2019\/11\/wertstofftonne_post_1.jpg 1024w, https:\/\/bauverein-ketteler.de\/_wp2014\/wp-content\/uploads\/2019\/11\/wertstofftonne_post_1-600x450.jpg 600w\" sizes=\"auto, (max-width: 1024px) 100vw, 1024px\" \/><figcaption>Die Wertstofftonne<\/figcaption><\/figure>\n\n\n\n<p>Damit wird die Abfalltrennung einfacher und \u00f6kologischer. Im Gegensatz zum Gelben Sack kann die Wertstofftonne nicht rei\u00dfen, nicht wegwehen oder von Tieren zerfetzt werden, der Abfall bleibt dort, wo er hingeh\u00f6rt. Die Wertstofftonne wird es in den Gr\u00f6\u00dfen 120, 240, 660 und 1100 Liter geben und eine minimale Geb\u00fchrenerh\u00f6hung von 2,50 bis 3 Euro pro Einwohner und Jahr mit sich bringen. <\/p>\n\n\n\n<p>Der 14-t\u00e4gige Abfuhrrhythmus wird beibehalten. Eventuell findet die Abfuhr der Wertstofftonne aber nicht am selben Tag statt, an dem auch die Restm\u00fcll- Bio- oder Papiertonne geleert wird. <\/p>\n\n\n\n<p>Genaue Infos zum Abfuhrtag entnehmen Sie bitte dem neuen Abfallkalender, der Ihnen in den n\u00e4chsten Wochen \u00fcber die Abfallwirtschaftsbetriebe zugestellt wird. <\/p>\n\n\n\n<hr class=\"wp-block-separator is-style-dots\"\/>\n\n\n\n<h2 class=\"wp-block-heading\">Fragen? <\/h2>\n\n\n\n<p>Die Abfallwirtschaftsbetriebe haben einen Fragenkatalog zusammengestellt, diesen k\u00f6nnen Sie <a rel=\"noreferrer noopener\" aria-label=\"hier einsehen (\u00f6ffnet in neuem Tab)\" href=\"https:\/\/awm.stadt-muenster.de\/index\/einfuehrung-der-wertstofftonne.html#c141058\" target=\"_blank\">hier einsehen<\/a>. Selbstverst\u00e4ndlich stehen wir (<a href=\"mailto:roedder@bauverein-ketteler.de\">Herr R\u00f6dder<\/a> &#8211; <a href=\"tel:+492514821029\">0251 \/ 48 210 29<\/a>), genau so wie die AWM (Service-Center:  Tel. <a href=\"tel:+49251605253\">02 51\/60 52 53<\/a>), gerne zur Verf\u00fcgung. <\/p>\n","protected":false},"excerpt":{"rendered":"<p>Derzeit werden die Wertstofftonnen im Innenstadtbereich durch die Abfallwirtschaftsbetriebe M\u00fcnster und in den anderen Bezirken der Stadt M\u00fcnster &hellip; <\/p>\n<p><a href=\"https:\/\/bauverein-ketteler.de\/_wp2014\/die-wertstofftonne-kommt\/\" class=\"more-link\"><span class=\"morelink-icon\">Weiterlesen<\/span><\/a><\/p>\n","protected":false},"author":1,"featured_media":1957,"comment_status":"closed","ping_status":"closed","sticky":false,"template":"","format":"standard","meta":{"footnotes":""},"categories":[1,2],"tags":[68,29,67,66],"class_list":["post-1955","post","type-post","status-publish","format-standard","has-post-thumbnail","hentry","category-blog","category-news","tag-abfallwirtschaftsbetriebe","tag-awm","tag-muenster","tag-wertstofftonne"],"_links":{"self":[{"href":"https:\/\/bauverein-ketteler.de\/_wp2014\/wp-json\/wp\/v2\/posts\/1955","targetHints":{"allow":["GET"]}}],"collection":[{"href":"https:\/\/bauverein-ketteler.de\/_wp2014\/wp-json\/wp\/v2\/posts"}],"about":[{"href":"https:\/\/bauverein-ketteler.de\/_wp2014\/wp-json\/wp\/v2\/types\/post"}],"author":[{"embeddable":true,"href":"https:\/\/bauverein-ketteler.de\/_wp2014\/wp-json\/wp\/v2\/users\/1"}],"replies":[{"embeddable":true,"href":"https:\/\/bauverein-ketteler.de\/_wp2014\/wp-json\/wp\/v2\/comments?post=1955"}],"version-history":[{"count":9,"href":"https:\/\/bauverein-ketteler.de\/_wp2014\/wp-json\/wp\/v2\/posts\/1955\/revisions"}],"predecessor-version":[{"id":2220,"href":"https:\/\/bauverein-ketteler.de\/_wp2014\/wp-json\/wp\/v2\/posts\/1955\/revisions\/2220"}],"wp:featuredmedia":[{"embeddable":true,"href":"https:\/\/bauverein-ketteler.de\/_wp2014\/wp-json\/wp\/v2\/media\/1957"}],"wp:attachment":[{"href":"https:\/\/bauverein-ketteler.de\/_wp2014\/wp-json\/wp\/v2\/media?parent=1955"}],"wp:term":[{"taxonomy":"category","embeddable":true,"href":"https:\/\/bauverein-ketteler.de\/_wp2014\/wp-json\/wp\/v2\/categories?post=1955"},{"taxonomy":"post_tag","embeddable":true,"href":"https:\/\/bauverein-ketteler.de\/_wp2014\/wp-json\/wp\/v2\/tags?post=1955"}],"curies":[{"name":"wp","href":"https:\/\/api.w.org\/{rel}","templated":true}]}}