{"id":2004,"date":"2020-01-27T09:19:00","date_gmt":"2020-01-27T07:19:00","guid":{"rendered":"https:\/\/bauverein-ketteler.de\/_wp2014\/?p=2004"},"modified":"2020-01-28T09:22:35","modified_gmt":"2020-01-28T07:22:35","slug":"wir-trauern-um-bernhard-francke","status":"publish","type":"post","link":"https:\/\/bauverein-ketteler.de\/_wp2014\/wir-trauern-um-bernhard-francke\/","title":{"rendered":"Wir trauern um Bernhard Francke"},"content":{"rendered":"\n<p class=\"has-text-align-center\"><strong>Wir trauern um<\/strong><\/p>\n\n\n\n<h2 class=\"has-text-align-center wp-block-heading\">Bernhard Francke<\/h2>\n\n\n\n<p class=\"has-text-align-center\"><strong>*08. Februar 1929 \u2020 20. Januar 2020<\/strong><\/p>\n\n\n\n<p class=\"has-text-align-center\"><strong>der f\u00fcr immer eingeschlafen ist.<\/strong><\/p>\n\n\n\n<p class=\"has-text-align-center\">Herr Francke trat am 01.04.1961 als erster hauptamtlicher Gesch\u00e4ftsf\u00fchrer in unsere Wohnungsbaugenossenschaft Ketteler ein und bekleidete dieses Amt bis 1993. Von 1993 bis 1997 war er nebenamtlicher Vorstand und anschlie\u00dfend bis 1999 Mitglied des Aufsichtsrates. Private Interessen stellte er zum Wohle der Wohnungsgenossenschaft stets hinten an. Mit gro\u00dfem Geschick und k\u00fchlem Sachverstand gelang es ihm 1970 durch die Fusion mit dem ehemaligen Bauverein der Stadt M\u00fcnster ein neues, weitaus gr\u00f6\u00dferes Unternehmen zu schmieden, n\u00e4mlich die heutige Bauverein Ketteler eG. <\/p>\n\n\n\n<p class=\"has-text-align-center\">Seinem sozialem Engagement ist es zu verdanken, dass in den 60-ziger und 70-ziger Jahren hunderte von preiswerten und zeitgem\u00e4\u00dfen Wohnungen gebaut wurden. Mit dem gleichen Engagement wie beim Wohnungsneubau forcierte er in den 80-ziger Jahren die Modernisierung des Wohnungsbestandes. Zu seinem 25. Dienstjubil\u00e4um erhielt er die Ehrenmedaille der Gemeinn\u00fctzigen Wohnungswirtschaft des Verbands der westf\u00e4lischen und lippischen Wohnungsunternehmen.  Zu seinen Verdiensten z\u00e4hlt es, dass sich die Bauverein Ketteler eG heute als erfolgreiches Unternehmen pr\u00e4sentieren kann. <\/p>\n\n\n\n<p class=\"has-text-align-center\">Auch w\u00e4hrend seines verdienten Ruhestandes interessierte er sich f\u00fcr die Wohnungswirtschaft und war ein gern gesehener Gast in unseren R\u00e4umen.<\/p>\n\n\n\n<p class=\"has-text-align-center\">Wir sind unendlich traurig und f\u00fchlen mit seiner Familie. Wir nehmen Abschied von einem offenen, aufmerksamen, humorvollen, interessierten und tiefgr\u00fcndigen Menschen und einer Pers\u00f6nlichkeit, die immer mit unserer Wohnungsgenossenschaft eng verbunden sein wird und die wir in dankbarer Erinnerung behalten werden. <\/p>\n\n\n\n<p class=\"has-text-align-center has-small-font-size\">Bauverein Ketteler eG <br>F\u00fcr den Aufsichtsrat: Bernhard Timmermann (Vorsitzender)<br>J\u00f6rg Dickmann, Andreas Hesener und Wolfgang Sangs (Vorstand)<br>und alle Mitarbeiterinnen und Mitarbeiter<\/p>\n","protected":false},"excerpt":{"rendered":"<p>Wir trauern um Bernhard Francke *08. Februar 1929 \u2020 20. Januar 2020 der f\u00fcr immer eingeschlafen ist. Herr &hellip; <\/p>\n<p><a href=\"https:\/\/bauverein-ketteler.de\/_wp2014\/wir-trauern-um-bernhard-francke\/\" class=\"more-link\"><span class=\"morelink-icon\">Weiterlesen<\/span><\/a><\/p>\n","protected":false},"author":1,"featured_media":2005,"comment_status":"closed","ping_status":"closed","sticky":false,"template":"","format":"standard","meta":{"footnotes":""},"categories":[1],"tags":[],"class_list":["post-2004","post","type-post","status-publish","format-standard","has-post-thumbnail","hentry","category-blog"],"_links":{"self":[{"href":"https:\/\/bauverein-ketteler.de\/_wp2014\/wp-json\/wp\/v2\/posts\/2004","targetHints":{"allow":["GET"]}}],"collection":[{"href":"https:\/\/bauverein-ketteler.de\/_wp2014\/wp-json\/wp\/v2\/posts"}],"about":[{"href":"https:\/\/bauverein-ketteler.de\/_wp2014\/wp-json\/wp\/v2\/types\/post"}],"author":[{"embeddable":true,"href":"https:\/\/bauverein-ketteler.de\/_wp2014\/wp-json\/wp\/v2\/users\/1"}],"replies":[{"embeddable":true,"href":"https:\/\/bauverein-ketteler.de\/_wp2014\/wp-json\/wp\/v2\/comments?post=2004"}],"version-history":[{"count":5,"href":"https:\/\/bauverein-ketteler.de\/_wp2014\/wp-json\/wp\/v2\/posts\/2004\/revisions"}],"predecessor-version":[{"id":2010,"href":"https:\/\/bauverein-ketteler.de\/_wp2014\/wp-json\/wp\/v2\/posts\/2004\/revisions\/2010"}],"wp:featuredmedia":[{"embeddable":true,"href":"https:\/\/bauverein-ketteler.de\/_wp2014\/wp-json\/wp\/v2\/media\/2005"}],"wp:attachment":[{"href":"https:\/\/bauverein-ketteler.de\/_wp2014\/wp-json\/wp\/v2\/media?parent=2004"}],"wp:term":[{"taxonomy":"category","embeddable":true,"href":"https:\/\/bauverein-ketteler.de\/_wp2014\/wp-json\/wp\/v2\/categories?post=2004"},{"taxonomy":"post_tag","embeddable":true,"href":"https:\/\/bauverein-ketteler.de\/_wp2014\/wp-json\/wp\/v2\/tags?post=2004"}],"curies":[{"name":"wp","href":"https:\/\/api.w.org\/{rel}","templated":true}]}}