{"id":2040,"date":"2020-02-25T09:59:42","date_gmt":"2020-02-25T07:59:42","guid":{"rendered":"https:\/\/bauverein-ketteler.de\/_wp2014\/?p=2040"},"modified":"2020-02-25T09:59:44","modified_gmt":"2020-02-25T07:59:44","slug":"nachruf-reinhard-grosse-gehling","status":"publish","type":"post","link":"https:\/\/bauverein-ketteler.de\/_wp2014\/nachruf-reinhard-grosse-gehling\/","title":{"rendered":"Nachruf &#8211; Reinhard Gro\u00dfe Gehling"},"content":{"rendered":"\n<p class=\"has-text-align-center\"><strong> Am 15. Februar 2020 verstarb unser fr\u00fcherer langj\u00e4hriger Mitarbeiter und Kollege <\/strong><\/p>\n\n\n\n<p class=\"has-text-align-center\"><strong> Reinhard Gro\u00dfe Gehling<\/strong><\/p>\n\n\n\n<p class=\"has-text-align-center\"><strong> im Alter von 69 Jahren.<\/strong><\/p>\n\n\n\n<p class=\"has-text-align-center\"> Herr Gro\u00dfe Gehling nahm am 01.04.1976 seine T\u00e4tigkeit als Betriebshandwerker in unserer Wohnungsbaugenossenschaft auf. Nach \u00fcber 35 Jahre trat er am 01.05.2011 in den wohlverdienten Ruhestand. Herr Gro\u00dfe Gehling zeichnete sich durch ein hohes Ma\u00df an Pflicht- und Verantwortungsbewusstsein aus. Seine fr\u00f6hliche, ausgeglichene, freundliche und hilfsbereite  Art brachten ihm sowohl bei den Kollegen als auch bei unseren Mietern viele Sympathien und  hohe Wertsch\u00e4tzung ein.<\/p>\n\n\n\n<p class=\"has-text-align-center\"> Unser Mitgef\u00fchl gilt seiner Familie, insbesondere seiner Frau, seinem Sohn, seiner Schwiegertochter  und seinen Enkelkindern.<\/p>\n\n\n\n<p class=\"has-text-align-center\">Alle, die Herr Gro\u00dfe Gehling kannten und mit ihm zusammengearbeitet haben, nehmen in dankbarer Erinnerung Abschied.<\/p>\n\n\n\n<p class=\"has-text-align-center has-small-font-size\">Bauverein Ketteler eG<br> F\u00fcr den Aufsichtsrat: Bernhard Timmermann (Vorsitzender)<br> J\u00f6rg Dickmann, Andreas Hesener und Wolfgang Sangs (Vorstand)<br> und alle Mitarbeiterinnen und Mitarbeiter<\/p>\n","protected":false},"excerpt":{"rendered":"<p>Am 15. Februar 2020 verstarb unser fr\u00fcherer langj\u00e4hriger Mitarbeiter und Kollege Reinhard Gro\u00dfe Gehling im Alter von 69 &hellip; <\/p>\n<p><a href=\"https:\/\/bauverein-ketteler.de\/_wp2014\/nachruf-reinhard-grosse-gehling\/\" class=\"more-link\"><span class=\"morelink-icon\">Weiterlesen<\/span><\/a><\/p>\n","protected":false},"author":1,"featured_media":2041,"comment_status":"closed","ping_status":"closed","sticky":false,"template":"","format":"standard","meta":{"footnotes":""},"categories":[1],"tags":[],"class_list":["post-2040","post","type-post","status-publish","format-standard","has-post-thumbnail","hentry","category-blog"],"_links":{"self":[{"href":"https:\/\/bauverein-ketteler.de\/_wp2014\/wp-json\/wp\/v2\/posts\/2040","targetHints":{"allow":["GET"]}}],"collection":[{"href":"https:\/\/bauverein-ketteler.de\/_wp2014\/wp-json\/wp\/v2\/posts"}],"about":[{"href":"https:\/\/bauverein-ketteler.de\/_wp2014\/wp-json\/wp\/v2\/types\/post"}],"author":[{"embeddable":true,"href":"https:\/\/bauverein-ketteler.de\/_wp2014\/wp-json\/wp\/v2\/users\/1"}],"replies":[{"embeddable":true,"href":"https:\/\/bauverein-ketteler.de\/_wp2014\/wp-json\/wp\/v2\/comments?post=2040"}],"version-history":[{"count":2,"href":"https:\/\/bauverein-ketteler.de\/_wp2014\/wp-json\/wp\/v2\/posts\/2040\/revisions"}],"predecessor-version":[{"id":2043,"href":"https:\/\/bauverein-ketteler.de\/_wp2014\/wp-json\/wp\/v2\/posts\/2040\/revisions\/2043"}],"wp:featuredmedia":[{"embeddable":true,"href":"https:\/\/bauverein-ketteler.de\/_wp2014\/wp-json\/wp\/v2\/media\/2041"}],"wp:attachment":[{"href":"https:\/\/bauverein-ketteler.de\/_wp2014\/wp-json\/wp\/v2\/media?parent=2040"}],"wp:term":[{"taxonomy":"category","embeddable":true,"href":"https:\/\/bauverein-ketteler.de\/_wp2014\/wp-json\/wp\/v2\/categories?post=2040"},{"taxonomy":"post_tag","embeddable":true,"href":"https:\/\/bauverein-ketteler.de\/_wp2014\/wp-json\/wp\/v2\/tags?post=2040"}],"curies":[{"name":"wp","href":"https:\/\/api.w.org\/{rel}","templated":true}]}}