{"id":2310,"date":"2021-02-08T11:02:15","date_gmt":"2021-02-08T09:02:15","guid":{"rendered":"https:\/\/bauverein-ketteler.de\/_wp2014\/?p=2310"},"modified":"2021-02-08T11:08:03","modified_gmt":"2021-02-08T09:08:03","slug":"dringender-appell-winterdienst-notfaelle","status":"publish","type":"post","link":"https:\/\/bauverein-ketteler.de\/_wp2014\/dringender-appell-winterdienst-notfaelle\/","title":{"rendered":"Dringender Appell \/ Winterdienst &#038; Notf\u00e4lle"},"content":{"rendered":"\n<p>Liebe Mieterinnen und Mieter,<\/p>\n\n\n\n<p>Dachlawinen, mit Schnee vollgewehte Dachb\u00f6den sowie eingefrorene Leitungen, der Winter hat uns alle voll erwischt.<\/p>\n\n\n\n<h2 class=\"wp-block-heading\">Unsere Bitte an Sie:<\/h2>\n\n\n\n<p><strong>Unterst\u00fctzen Sie als Mieter:innen den Winterdienst und r\u00e4umen Sie nach M\u00f6glichkeit die Gehwege vor Ihrem Haus, in jedem Keller sollte sich ein Schneeschieber befinden. Die Fl\u00e4chen der Garagenh\u00f6fe sowie der Stellpl\u00e4tze werden nicht durch uns ger\u00e4umt.<\/strong><\/p>\n\n\n\n<p>Nat\u00fcrlich ist auch unser Winterdienst im Einsatz, kommt aber aufgrund der aktuellen Wetterlage an seine Grenzen.<\/p>\n\n\n\n<p>Jede eingehende Meldung wird von uns bearbeitet und priorisiert. Sollten Sie Sch\u00e4den feststellen, bitten wir Sie, uns diese kurz per Mail an <a href=\"mailto:info@bauverein-ketteler.de\">info (at) bauverein-ketteler.de<\/a> zu schicken, damit wir alles weitere organisieren k\u00f6nnen.<\/p>\n\n\n\n<p>Vielen Dank f\u00fcr Ihr Verst\u00e4ndnis und Ihre Unterst\u00fctzung!<\/p>\n\n\n\n<figure class=\"wp-block-gallery columns-3 is-cropped wp-block-gallery-1 is-layout-flex wp-block-gallery-is-layout-flex\"><ul class=\"blocks-gallery-grid\"><li class=\"blocks-gallery-item\"><figure><a href=\"https:\/\/bauverein-ketteler.de\/_wp2014\/wp-content\/uploads\/2021\/02\/IMG-20210207-WA0022.jpg\"><img loading=\"lazy\" decoding=\"async\" width=\"768\" height=\"1024\" src=\"https:\/\/bauverein-ketteler.de\/_wp2014\/wp-content\/uploads\/2021\/02\/IMG-20210207-WA0022-768x1024.jpg\" alt=\"\" data-id=\"2307\" data-full-url=\"https:\/\/bauverein-ketteler.de\/_wp2014\/wp-content\/uploads\/2021\/02\/IMG-20210207-WA0022.jpg\" data-link=\"https:\/\/bauverein-ketteler.de\/_wp2014\/img-20210207-wa0022\/\" class=\"wp-image-2307\" srcset=\"https:\/\/bauverein-ketteler.de\/_wp2014\/wp-content\/uploads\/2021\/02\/IMG-20210207-WA0022-768x1024.jpg 768w, https:\/\/bauverein-ketteler.de\/_wp2014\/wp-content\/uploads\/2021\/02\/IMG-20210207-WA0022-338x450.jpg 338w, https:\/\/bauverein-ketteler.de\/_wp2014\/wp-content\/uploads\/2021\/02\/IMG-20210207-WA0022-1152x1536.jpg 1152w, https:\/\/bauverein-ketteler.de\/_wp2014\/wp-content\/uploads\/2021\/02\/IMG-20210207-WA0022.jpg 1200w\" sizes=\"auto, (max-width: 768px) 100vw, 768px\" \/><\/a><\/figure><\/li><li class=\"blocks-gallery-item\"><figure><a href=\"https:\/\/bauverein-ketteler.de\/_wp2014\/wp-content\/uploads\/2021\/02\/IMG-20210207-WA0020.jpg\"><img loading=\"lazy\" decoding=\"async\" width=\"768\" height=\"1024\" src=\"https:\/\/bauverein-ketteler.de\/_wp2014\/wp-content\/uploads\/2021\/02\/IMG-20210207-WA0020-768x1024.jpg\" alt=\"\" data-id=\"2306\" data-full-url=\"https:\/\/bauverein-ketteler.de\/_wp2014\/wp-content\/uploads\/2021\/02\/IMG-20210207-WA0020.jpg\" data-link=\"https:\/\/bauverein-ketteler.de\/_wp2014\/img-20210207-wa0020\/\" class=\"wp-image-2306\" srcset=\"https:\/\/bauverein-ketteler.de\/_wp2014\/wp-content\/uploads\/2021\/02\/IMG-20210207-WA0020-768x1024.jpg 768w, https:\/\/bauverein-ketteler.de\/_wp2014\/wp-content\/uploads\/2021\/02\/IMG-20210207-WA0020-338x450.jpg 338w, https:\/\/bauverein-ketteler.de\/_wp2014\/wp-content\/uploads\/2021\/02\/IMG-20210207-WA0020-1152x1536.jpg 1152w, https:\/\/bauverein-ketteler.de\/_wp2014\/wp-content\/uploads\/2021\/02\/IMG-20210207-WA0020.jpg 1200w\" sizes=\"auto, (max-width: 768px) 100vw, 768px\" \/><\/a><\/figure><\/li><li class=\"blocks-gallery-item\"><figure><a href=\"https:\/\/bauverein-ketteler.de\/_wp2014\/wp-content\/uploads\/2021\/02\/IMG-20210207-WA0019.jpg\"><img loading=\"lazy\" decoding=\"async\" width=\"768\" height=\"1024\" src=\"https:\/\/bauverein-ketteler.de\/_wp2014\/wp-content\/uploads\/2021\/02\/IMG-20210207-WA0019-768x1024.jpg\" alt=\"\" data-id=\"2305\" data-full-url=\"https:\/\/bauverein-ketteler.de\/_wp2014\/wp-content\/uploads\/2021\/02\/IMG-20210207-WA0019.jpg\" data-link=\"https:\/\/bauverein-ketteler.de\/_wp2014\/img-20210207-wa0019\/\" class=\"wp-image-2305\" srcset=\"https:\/\/bauverein-ketteler.de\/_wp2014\/wp-content\/uploads\/2021\/02\/IMG-20210207-WA0019-768x1024.jpg 768w, https:\/\/bauverein-ketteler.de\/_wp2014\/wp-content\/uploads\/2021\/02\/IMG-20210207-WA0019-338x450.jpg 338w, https:\/\/bauverein-ketteler.de\/_wp2014\/wp-content\/uploads\/2021\/02\/IMG-20210207-WA0019-1152x1536.jpg 1152w, https:\/\/bauverein-ketteler.de\/_wp2014\/wp-content\/uploads\/2021\/02\/IMG-20210207-WA0019.jpg 1200w\" sizes=\"auto, (max-width: 768px) 100vw, 768px\" \/><\/a><\/figure><\/li><\/ul><\/figure>\n","protected":false},"excerpt":{"rendered":"<p>Liebe Mieterinnen und Mieter, Dachlawinen, mit Schnee vollgewehte Dachb\u00f6den sowie eingefrorene Leitungen, der Winter hat uns alle voll &hellip; <\/p>\n<p><a href=\"https:\/\/bauverein-ketteler.de\/_wp2014\/dringender-appell-winterdienst-notfaelle\/\" class=\"more-link\"><span class=\"morelink-icon\">Weiterlesen<\/span><\/a><\/p>\n","protected":false},"author":1,"featured_media":2308,"comment_status":"closed","ping_status":"closed","sticky":false,"template":"","format":"standard","meta":{"footnotes":""},"categories":[1,2],"tags":[76,78,77],"class_list":["post-2310","post","type-post","status-publish","format-standard","has-post-thumbnail","hentry","category-blog","category-news","tag-schnee","tag-winter","tag-winterdienst"],"_links":{"self":[{"href":"https:\/\/bauverein-ketteler.de\/_wp2014\/wp-json\/wp\/v2\/posts\/2310","targetHints":{"allow":["GET"]}}],"collection":[{"href":"https:\/\/bauverein-ketteler.de\/_wp2014\/wp-json\/wp\/v2\/posts"}],"about":[{"href":"https:\/\/bauverein-ketteler.de\/_wp2014\/wp-json\/wp\/v2\/types\/post"}],"author":[{"embeddable":true,"href":"https:\/\/bauverein-ketteler.de\/_wp2014\/wp-json\/wp\/v2\/users\/1"}],"replies":[{"embeddable":true,"href":"https:\/\/bauverein-ketteler.de\/_wp2014\/wp-json\/wp\/v2\/comments?post=2310"}],"version-history":[{"count":1,"href":"https:\/\/bauverein-ketteler.de\/_wp2014\/wp-json\/wp\/v2\/posts\/2310\/revisions"}],"predecessor-version":[{"id":2311,"href":"https:\/\/bauverein-ketteler.de\/_wp2014\/wp-json\/wp\/v2\/posts\/2310\/revisions\/2311"}],"wp:featuredmedia":[{"embeddable":true,"href":"https:\/\/bauverein-ketteler.de\/_wp2014\/wp-json\/wp\/v2\/media\/2308"}],"wp:attachment":[{"href":"https:\/\/bauverein-ketteler.de\/_wp2014\/wp-json\/wp\/v2\/media?parent=2310"}],"wp:term":[{"taxonomy":"category","embeddable":true,"href":"https:\/\/bauverein-ketteler.de\/_wp2014\/wp-json\/wp\/v2\/categories?post=2310"},{"taxonomy":"post_tag","embeddable":true,"href":"https:\/\/bauverein-ketteler.de\/_wp2014\/wp-json\/wp\/v2\/tags?post=2310"}],"curies":[{"name":"wp","href":"https:\/\/api.w.org\/{rel}","templated":true}]}}