{"id":2314,"date":"2021-02-11T11:44:17","date_gmt":"2021-02-11T09:44:17","guid":{"rendered":"https:\/\/bauverein-ketteler.de\/_wp2014\/?p=2314"},"modified":"2021-02-11T11:44:19","modified_gmt":"2021-02-11T09:44:19","slug":"vielen-dank-an-alle-helferinnen","status":"publish","type":"post","link":"https:\/\/bauverein-ketteler.de\/_wp2014\/vielen-dank-an-alle-helferinnen\/","title":{"rendered":"Vielen Dank an alle Helfer:innen"},"content":{"rendered":"\n<p>DANKE an alle Mieterinnen und Mieter, die uns bei der Beseitigung der Schneemassen auf den Gehwegen und den Dachb\u00f6den geholfen haben. Dies war eine tolle Leistung und wir wissen das sehr zu sch\u00e4tzen!<\/p>\n\n\n\n<p>Aktuell sind wir mit der Beseitigung von gef\u00e4hrlichen Eiszapfen und drohenden Dachlawinen besch\u00e4ftigt. Die R\u00e4umung von Garagenh\u00f6fen oder Stellpl\u00e4tzen k\u00f6nnen wir nicht leisten. Hier sind Sie als unsere Mieter gefragt.<\/p>\n\n\n\n<p>Achten Sie bitte bei der R\u00e4umung darauf, dass benachbarte Garagen oder Stellpl\u00e4tze nicht mit dem eigens ger\u00e4umten Schnee wieder blockiert werden.<\/p>\n\n\n\n<figure class=\"wp-block-gallery columns-2 is-cropped wp-block-gallery-1 is-layout-flex wp-block-gallery-is-layout-flex\"><ul class=\"blocks-gallery-grid\"><li class=\"blocks-gallery-item\"><figure><a href=\"https:\/\/bauverein-ketteler.de\/_wp2014\/wp-content\/uploads\/2021\/02\/image-202102091315.jpeg\"><img loading=\"lazy\" decoding=\"async\" width=\"1200\" height=\"1600\" src=\"https:\/\/bauverein-ketteler.de\/_wp2014\/wp-content\/uploads\/2021\/02\/image-202102091315.jpeg\" alt=\"\" data-id=\"2315\" data-full-url=\"https:\/\/bauverein-ketteler.de\/_wp2014\/wp-content\/uploads\/2021\/02\/image-202102091315.jpeg\" data-link=\"https:\/\/bauverein-ketteler.de\/_wp2014\/?attachment_id=2315\" class=\"wp-image-2315\" srcset=\"https:\/\/bauverein-ketteler.de\/_wp2014\/wp-content\/uploads\/2021\/02\/image-202102091315.jpeg 1200w, https:\/\/bauverein-ketteler.de\/_wp2014\/wp-content\/uploads\/2021\/02\/image-202102091315-338x450.jpeg 338w, https:\/\/bauverein-ketteler.de\/_wp2014\/wp-content\/uploads\/2021\/02\/image-202102091315-768x1024.jpeg 768w, https:\/\/bauverein-ketteler.de\/_wp2014\/wp-content\/uploads\/2021\/02\/image-202102091315-1152x1536.jpeg 1152w\" sizes=\"auto, (max-width: 1200px) 100vw, 1200px\" \/><\/a><\/figure><\/li><li class=\"blocks-gallery-item\"><figure><a href=\"https:\/\/bauverein-ketteler.de\/_wp2014\/wp-content\/uploads\/2021\/02\/image-202102111022.jpeg\"><img loading=\"lazy\" decoding=\"async\" width=\"1600\" height=\"1200\" src=\"https:\/\/bauverein-ketteler.de\/_wp2014\/wp-content\/uploads\/2021\/02\/image-202102111022.jpeg\" alt=\"\" data-id=\"2316\" data-full-url=\"https:\/\/bauverein-ketteler.de\/_wp2014\/wp-content\/uploads\/2021\/02\/image-202102111022.jpeg\" data-link=\"https:\/\/bauverein-ketteler.de\/_wp2014\/?attachment_id=2316\" class=\"wp-image-2316\" srcset=\"https:\/\/bauverein-ketteler.de\/_wp2014\/wp-content\/uploads\/2021\/02\/image-202102111022.jpeg 1600w, https:\/\/bauverein-ketteler.de\/_wp2014\/wp-content\/uploads\/2021\/02\/image-202102111022-600x450.jpeg 600w, https:\/\/bauverein-ketteler.de\/_wp2014\/wp-content\/uploads\/2021\/02\/image-202102111022-1024x768.jpeg 1024w, https:\/\/bauverein-ketteler.de\/_wp2014\/wp-content\/uploads\/2021\/02\/image-202102111022-1536x1152.jpeg 1536w\" sizes=\"auto, (max-width: 1600px) 100vw, 1600px\" \/><\/a><\/figure><\/li><\/ul><\/figure>\n\n\n\n<h2 class=\"wp-block-heading\">Winterdienst-Info der Stadt M\u00fcnster \/ AWM<\/h2>\n\n\n\n<p>Die AWM betreuen derzeit mit bis zu 250 Mitarbeitern und Mitarbeiterinnen und 17 Fahrzeugen rund 1.800 Stra\u00dfenkilometer, 18 weitere Fahrzeuge kommen auf den Radwegen zum Einsatz. <\/p>\n\n\n\n<p>Welche Stra\u00dfen ger\u00e4umt werden, k\u00f6nnen Sie <a rel=\"noreferrer noopener\" href=\"https:\/\/geo.stadt-muenster.de\/winterdienst\/\" target=\"_blank\">hier sehen<\/a>.<\/p>\n\n\n\n<p><strong>Das Wichtigste zur R\u00e4umpflicht f\u00fcr alle Anlieger:<\/strong><\/p>\n\n\n\n<ul class=\"wp-block-list\"><li>Die Gehwege m\u00fcssen in einer Breite von mindestens einem Meter freigehalten werden.<\/li><li>Bei Schnee- und Eisgl\u00e4tte muss mit einem abstumpfenden Mittel gestreut werden (z. B. Sand, Splitt, Granulat oder Asche).<\/li><li>Mit dem R\u00e4umen ist unverz\u00fcglich nach Ende des Schneefalls bzw. nach Entstehen der Gl\u00e4tte zu beginnen. In der Woche gilt dies von 7 bis 20 Uhr, am Sonntag und an Feiertagen von 9 bis 20 Uhr.<\/li><li>Auch nach 20 Uhr f\u00e4llt noch Schnee, entsteht noch Gl\u00e4tte. Beides muss bis sp\u00e4testens 7 Uhr, an Sonn- und Feiertagen bis 9 Uhr beseitigt werden.<\/li><\/ul>\n\n\n\n<p>(Quelle: <a href=\"https:\/\/awm.stadt-muenster.de\/winterdienst\">https:\/\/awm.stadt-muenster.de\/winterdienst<\/a>)<\/p>\n","protected":false},"excerpt":{"rendered":"<p>DANKE an alle Mieterinnen und Mieter, die uns bei der Beseitigung der Schneemassen auf den Gehwegen und den &hellip; <\/p>\n<p><a href=\"https:\/\/bauverein-ketteler.de\/_wp2014\/vielen-dank-an-alle-helferinnen\/\" class=\"more-link\"><span class=\"morelink-icon\">Weiterlesen<\/span><\/a><\/p>\n","protected":false},"author":1,"featured_media":2317,"comment_status":"closed","ping_status":"closed","sticky":false,"template":"","format":"standard","meta":{"footnotes":""},"categories":[1,2],"tags":[21,79,8,76],"class_list":["post-2314","post","type-post","status-publish","format-standard","has-post-thumbnail","hentry","category-blog","category-news","tag-blog","tag-eiszapfen","tag-news","tag-schnee"],"_links":{"self":[{"href":"https:\/\/bauverein-ketteler.de\/_wp2014\/wp-json\/wp\/v2\/posts\/2314","targetHints":{"allow":["GET"]}}],"collection":[{"href":"https:\/\/bauverein-ketteler.de\/_wp2014\/wp-json\/wp\/v2\/posts"}],"about":[{"href":"https:\/\/bauverein-ketteler.de\/_wp2014\/wp-json\/wp\/v2\/types\/post"}],"author":[{"embeddable":true,"href":"https:\/\/bauverein-ketteler.de\/_wp2014\/wp-json\/wp\/v2\/users\/1"}],"replies":[{"embeddable":true,"href":"https:\/\/bauverein-ketteler.de\/_wp2014\/wp-json\/wp\/v2\/comments?post=2314"}],"version-history":[{"count":1,"href":"https:\/\/bauverein-ketteler.de\/_wp2014\/wp-json\/wp\/v2\/posts\/2314\/revisions"}],"predecessor-version":[{"id":2318,"href":"https:\/\/bauverein-ketteler.de\/_wp2014\/wp-json\/wp\/v2\/posts\/2314\/revisions\/2318"}],"wp:featuredmedia":[{"embeddable":true,"href":"https:\/\/bauverein-ketteler.de\/_wp2014\/wp-json\/wp\/v2\/media\/2317"}],"wp:attachment":[{"href":"https:\/\/bauverein-ketteler.de\/_wp2014\/wp-json\/wp\/v2\/media?parent=2314"}],"wp:term":[{"taxonomy":"category","embeddable":true,"href":"https:\/\/bauverein-ketteler.de\/_wp2014\/wp-json\/wp\/v2\/categories?post=2314"},{"taxonomy":"post_tag","embeddable":true,"href":"https:\/\/bauverein-ketteler.de\/_wp2014\/wp-json\/wp\/v2\/tags?post=2314"}],"curies":[{"name":"wp","href":"https:\/\/api.w.org\/{rel}","templated":true}]}}